{"id":598,"date":"2019-11-21T10:48:03","date_gmt":"2019-11-21T13:48:03","guid":{"rendered":"http:\/\/ipasma.go.gov.br\/site\/?p=598"},"modified":"2019-11-27T15:13:41","modified_gmt":"2019-11-27T18:13:41","slug":"inauguracao-da-galeria-dos-ex-gestores","status":"publish","type":"post","link":"http:\/\/ipasma.go.gov.br\/site\/inauguracao-da-galeria-dos-ex-gestores\/","title":{"rendered":"Inaugura\u00e7\u00e3o da Galeria dos ex-gestores"},"content":{"rendered":"\n<p>Foi inaugurada na manh\u00e3 de hoje, 20\/11, a Galeria dos ex-gestores do IPASMA.<br> Justa homenagem \u00e0queles que tanto contribu\u00edram ao nosso Instituto.<strong><br>Confira aqui as fotos da Inaugura\u00e7\u00e3o<\/strong>.<\/p>\n\n\n\n<!--more-->\n\n\n\n<ul class=\"wp-block-gallery columns-3 is-cropped wp-block-gallery-1 is-layout-flex wp-block-gallery-is-layout-flex\"><li class=\"blocks-gallery-item\"><figure><img loading=\"lazy\" decoding=\"async\" width=\"1024\" height=\"577\" src=\"http:\/\/ipasma.go.gov.br\/site\/wp-content\/uploads\/2019\/11\/foto-1-1024x577.jpeg\" alt=\"\" data-id=\"610\" data-link=\"http:\/\/ipasma.go.gov.br\/site\/inauguracao-da-galeria-dos-ex-gestores\/foto-1\/\" class=\"wp-image-610\" srcset=\"http:\/\/ipasma.go.gov.br\/site\/wp-content\/uploads\/2019\/11\/foto-1-1024x577.jpeg 1024w, http:\/\/ipasma.go.gov.br\/site\/wp-content\/uploads\/2019\/11\/foto-1-300x169.jpeg 300w, http:\/\/ipasma.go.gov.br\/site\/wp-content\/uploads\/2019\/11\/foto-1-768x433.jpeg 768w, http:\/\/ipasma.go.gov.br\/site\/wp-content\/uploads\/2019\/11\/foto-1.jpeg 1280w\" sizes=\"(max-width: 1024px) 100vw, 1024px\" \/><\/figure><\/li><li class=\"blocks-gallery-item\"><figure><img loading=\"lazy\" decoding=\"async\" width=\"1024\" height=\"768\" src=\"http:\/\/ipasma.go.gov.br\/site\/wp-content\/uploads\/2019\/11\/foto-4-1024x768.jpeg\" alt=\"\" data-id=\"609\" data-link=\"http:\/\/ipasma.go.gov.br\/site\/inauguracao-da-galeria-dos-ex-gestores\/foto-4\/\" class=\"wp-image-609\" srcset=\"http:\/\/ipasma.go.gov.br\/site\/wp-content\/uploads\/2019\/11\/foto-4-1024x768.jpeg 1024w, http:\/\/ipasma.go.gov.br\/site\/wp-content\/uploads\/2019\/11\/foto-4-300x225.jpeg 300w, http:\/\/ipasma.go.gov.br\/site\/wp-content\/uploads\/2019\/11\/foto-4-768x576.jpeg 768w, http:\/\/ipasma.go.gov.br\/site\/wp-content\/uploads\/2019\/11\/foto-4.jpeg 1080w\" sizes=\"(max-width: 1024px) 100vw, 1024px\" \/><\/figure><\/li><li class=\"blocks-gallery-item\"><figure><img loading=\"lazy\" decoding=\"async\" width=\"1024\" height=\"512\" src=\"http:\/\/ipasma.go.gov.br\/site\/wp-content\/uploads\/2019\/11\/foto-3-1024x512.jpeg\" alt=\"\" data-id=\"608\" data-link=\"http:\/\/ipasma.go.gov.br\/site\/inauguracao-da-galeria-dos-ex-gestores\/foto-3\/\" class=\"wp-image-608\" srcset=\"http:\/\/ipasma.go.gov.br\/site\/wp-content\/uploads\/2019\/11\/foto-3-1024x512.jpeg 1024w, http:\/\/ipasma.go.gov.br\/site\/wp-content\/uploads\/2019\/11\/foto-3-300x150.jpeg 300w, http:\/\/ipasma.go.gov.br\/site\/wp-content\/uploads\/2019\/11\/foto-3-768x384.jpeg 768w, http:\/\/ipasma.go.gov.br\/site\/wp-content\/uploads\/2019\/11\/foto-3.jpeg 1280w\" sizes=\"(max-width: 1024px) 100vw, 1024px\" \/><\/figure><\/li><li class=\"blocks-gallery-item\"><figure><img loading=\"lazy\" decoding=\"async\" width=\"1024\" height=\"768\" src=\"http:\/\/ipasma.go.gov.br\/site\/wp-content\/uploads\/2019\/11\/foto-2-1024x768.jpeg\" alt=\"\" data-id=\"607\" data-link=\"http:\/\/ipasma.go.gov.br\/site\/inauguracao-da-galeria-dos-ex-gestores\/foto-2\/\" class=\"wp-image-607\" srcset=\"http:\/\/ipasma.go.gov.br\/site\/wp-content\/uploads\/2019\/11\/foto-2-1024x768.jpeg 1024w, http:\/\/ipasma.go.gov.br\/site\/wp-content\/uploads\/2019\/11\/foto-2-300x225.jpeg 300w, http:\/\/ipasma.go.gov.br\/site\/wp-content\/uploads\/2019\/11\/foto-2-768x576.jpeg 768w, http:\/\/ipasma.go.gov.br\/site\/wp-content\/uploads\/2019\/11\/foto-2.jpeg 1080w\" sizes=\"(max-width: 1024px) 100vw, 1024px\" \/><\/figure><\/li><\/ul>\n","protected":false},"excerpt":{"rendered":"<p>Foi inaugurada na manh\u00e3 de hoje, 20\/11, a Galeria dos ex-gestores do IPASMA. Justa homenagem \u00e0queles que tanto contribu\u00edram ao nosso Instituto.Confira aqui as fotos da Inaugura\u00e7\u00e3o.<\/p>\n","protected":false},"author":1,"featured_media":599,"comment_status":"closed","ping_status":"open","sticky":false,"template":"","format":"standard","meta":{"footnotes":""},"categories":[2],"tags":[],"_links":{"self":[{"href":"http:\/\/ipasma.go.gov.br\/site\/wp-json\/wp\/v2\/posts\/598"}],"collection":[{"href":"http:\/\/ipasma.go.gov.br\/site\/wp-json\/wp\/v2\/posts"}],"about":[{"href":"http:\/\/ipasma.go.gov.br\/site\/wp-json\/wp\/v2\/types\/post"}],"author":[{"embeddable":true,"href":"http:\/\/ipasma.go.gov.br\/site\/wp-json\/wp\/v2\/users\/1"}],"replies":[{"embeddable":true,"href":"http:\/\/ipasma.go.gov.br\/site\/wp-json\/wp\/v2\/comments?post=598"}],"version-history":[{"count":7,"href":"http:\/\/ipasma.go.gov.br\/site\/wp-json\/wp\/v2\/posts\/598\/revisions"}],"predecessor-version":[{"id":614,"href":"http:\/\/ipasma.go.gov.br\/site\/wp-json\/wp\/v2\/posts\/598\/revisions\/614"}],"wp:featuredmedia":[{"embeddable":true,"href":"http:\/\/ipasma.go.gov.br\/site\/wp-json\/wp\/v2\/media\/599"}],"wp:attachment":[{"href":"http:\/\/ipasma.go.gov.br\/site\/wp-json\/wp\/v2\/media?parent=598"}],"wp:term":[{"taxonomy":"category","embeddable":true,"href":"http:\/\/ipasma.go.gov.br\/site\/wp-json\/wp\/v2\/categories?post=598"},{"taxonomy":"post_tag","embeddable":true,"href":"http:\/\/ipasma.go.gov.br\/site\/wp-json\/wp\/v2\/tags?post=598"}],"curies":[{"name":"wp","href":"https:\/\/api.w.org\/{rel}","templated":true}]}}